{"id":2923,"date":"2025-07-04T11:55:40","date_gmt":"2025-07-04T16:55:40","guid":{"rendered":"https:\/\/www.cciperu.it\/?p=2923"},"modified":"2025-12-30T16:00:33","modified_gmt":"2025-12-30T21:00:33","slug":"orygen-inicia-la-construccion-de-wayra-solar","status":"publish","type":"post","link":"https:\/\/www.cciperu.it\/it\/espanol-orygen-inicia-la-construccion-de-wayra-solar\/","title":{"rendered":"ORYGEN INICIA LA CONSTRUCCI\u00d3N DE WAYRA SOLAR"},"content":{"rendered":"<ul>\n<li><em>A un a\u00f1o de su lanzamiento, Orygen se consolida como la principal generadora renovable del pa\u00eds.<\/em><\/li>\n<li><em>Wayra Solar inyectar\u00e1 energ\u00eda renovable al sistema nacional en una misma \u00e1rea junto con los parques e\u00f3licos Wayra I y Wayra Extensi\u00f3n, sumando una capacidad total de <strong>52 MW<\/strong>.<\/em><\/li>\n<li><em>La planta producir\u00e1 anualmente <strong>256 GWh<\/strong> de energ\u00eda, lo que equivale al consumo de aproximadamente <strong>230 mil hogares peruanos<\/strong>.<\/em><\/li>\n<\/ul>\n<p>A un a\u00f1o de su lanzamiento, Orygen iniciar\u00e1 la construcci\u00f3n de la central solar fotovoltaica Wayra Solar, ubicada en la provincia de Nasca, en Ica. Esta nueva planta, cuya construcci\u00f3n comenzar\u00e1 en julio de este a\u00f1o y prev\u00e9 iniciar operaci\u00f3n comercial en el \u00faltimo trimestre del 2026, formar\u00e1 parte del Complejo de Energ\u00edas Renovables Wayra, el primer complejo h\u00edbrido a gran escala del Per\u00fa.<\/p>\n<p>El complejo est\u00e1 conformado por Wayra I (132.3 MW), Wayra Extensi\u00f3n (177 MW) y, pr\u00f3ximamente, Wayra Solar, que contar\u00e1 con una capacidad instalada de 94.22 MW (AC). En conjunto, aportar\u00e1n 403.52 MW de potencia al portafolio de generaci\u00f3n de Orygen, convirti\u00e9ndose en el complejo con mayor capacidad e\u00f3lica-solar a nivel nacional.<\/p>\n<p><em>\u201cHoy cumplimos un a\u00f1o de haber lanzado la marca Orygen en Per\u00fa, y lo hacemos impulsando la transici\u00f3n energ\u00e9tica a trav\u00e9s de un nuevo hito para el pa\u00eds. Con Wayra Solar, aprovecharemos eficientemente el terreno y la infraestructura compartida con Wayra I y Wayra Extensi\u00f3n, lo que nos permitir\u00e1 generar energ\u00eda m\u00e1s competitiva y con menor impacto ambiental. Al sumar energ\u00eda solar a la red, reducimos la dependencia de fuentes f\u00f3siles y convertimos a nuestro proyecto h\u00edbrido en una nueva referencia para el desarrollo renovable en el pa\u00eds\u201d, <\/em>se\u00f1al\u00f3 <strong>Marco Fragale, CEO <\/strong>de <strong>Orygen<\/strong>.<\/p>\n<h3>El primer proyecto h\u00edbrido a gran escala del Per\u00fa<\/h3>\n<p>Wayra Solar se desarrollar\u00e1 sobre un \u00e1rea de 260 hect\u00e1reas en Nasca y aprovechar\u00e1 el elevado potencial solar de la zona para producir anualmente 256 GWh de energ\u00eda, equivalente al consumo de aproximadamente 230 mil hogares peruanos. Esta planta se suma al portafolio solar de Orygen, que ya cuenta con un liderazgo consolidado en tecnolog\u00eda fotovoltaica gracias a las centrales Rub\u00ed de 144.48 MW (AC) y Clemes\u00ed de 114.93 MW (AC), ambas en operaci\u00f3n.<\/p>\n<p>El nuevo complejo h\u00edbrido de Orygen representa una soluci\u00f3n energ\u00e9tica innovadora, al combinar energ\u00eda solar y e\u00f3lica, <strong>aprovechando<\/strong> <strong>su complementariedad estacional y diaria<\/strong> para generar electricidad de forma m\u00e1s continua y equilibrada a lo largo del a\u00f1o. Permite <strong>optimizar costos mediante infraestructura compartida<\/strong> y maximizar el uso de la capacidad de conexi\u00f3n existente en la red. El desarrollo de este complejo reafirma el compromiso de Orygen con la sostenibilidad y la eficiencia, al consolidar un <strong>portafolio energ\u00e9tico m\u00e1s confiable, que aprovecha responsablemente los recursos naturales y est\u00e1 alineado con los desaf\u00edos del futuro.<\/strong><\/p>\n<h3>Inversi\u00f3n e infraestructura<\/h3>\n<p>Con una inversi\u00f3n de <strong>US$ 71.8 millones<\/strong>, Wayra Solar representa una de las apuestas m\u00e1s significativa en proyectos solares en el Per\u00fa en los \u00faltimos a\u00f1os. Involucra la adquisici\u00f3n en tecnolog\u00eda de paneles fotovoltaicos bifaciales y estructuras de seguimiento solar, que maximizan la captaci\u00f3n de la radiaci\u00f3n, incrementando la producci\u00f3n de electricidad.<\/p>\n<p>La infraestructura incluir\u00e1 m\u00e1s de <strong>130,000 paneles<\/strong> y el uso de inversores tipo \u201cstring\u201d, que permiten gestionar la producci\u00f3n en grupos de paneles m\u00e1s peque\u00f1os en comparaci\u00f3n con la tecnolog\u00eda de inversores centralizados.<\/p>\n<h3>Consolidaci\u00f3n de portafolio renovable<\/h3>\n<p>Con la puesta en operaci\u00f3n de Wayra Solar:<\/p>\n<ul>\n<li><strong>Orygen incrementar\u00e1 en un 36% su capacidad solar instalada, <\/strong>alcanzando 353.63 MW (AC) de potencia fotovoltaica, lo que refrendar\u00e1 su liderazgo en la producci\u00f3n solar en el pa\u00eds.<\/li>\n<li><strong>Mantendr\u00e1 su liderazgo en energ\u00eda e\u00f3lica con los 309.3 MW<\/strong> provenientes de Wayra I y Wayra Extensi\u00f3n, actualmente en operaci\u00f3n.<\/li>\n<li><strong>Alcanzar\u00e1 un total de 662.93 MW de potencia solar y e\u00f3lica,<\/strong> reafirmando su liderazgo en el mercado de energ\u00edas renovables no convencionales en el pa\u00eds.<\/li>\n<li><strong>Proyecta una producci\u00f3n anual de 2,390 GWh<\/strong> (de energ\u00eda solar y e\u00f3lica), equivalente al consumo de 1.9 millones de hogares peruanos aproximadamente.<\/li>\n<li>Evitar\u00e1 la emisi\u00f3n de aproximadamente <strong>1,4 millones de toneladas de CO\u2082 al a\u00f1o a trav\u00e9s de sus plantas renovables<\/strong>.<\/li>\n<\/ul>\n<h3>Empleo local e impacto positivo en las comunidades<\/h3>\n<p>Durante la etapa de construcci\u00f3n, se generar\u00e1 en promedio 250 empleos mensuales, alcanzando picos de hasta 450 trabajadores. De este total, se estima que 60% corresponder\u00e1 a mano de obra local, promoviendo el desarrollo econ\u00f3mico de la zona.<\/p>\n<p><em>\u201cAdem\u00e1s de los puestos de trabajo generados localmente, cada planta construida por Orygen viene acompa\u00f1ada de proyectos de impacto social, tales como electrificaci\u00f3n rural, acceso el agua, programas de reforzamiento de habilidades t\u00e9cnicas, entre otros. Un ejemplo de ello es la comunidad de Justo Pastor, en Marcona, donde hemos implementado una miniplanta h\u00edbrida off-grid que mejora significativamente el acceso a la energ\u00eda<\/em>\u201d, explic\u00f3 Fragale.<\/p>\n<p>Asimismo, seguir\u00e1n trabajando con enfoque en econom\u00eda circular, cuidado del medioambiente y desarrollo de capacidades locales.<\/p>\n","protected":false},"excerpt":{"rendered":"<p>A un a\u00f1o de su lanzamiento, Orygen se consolida como la principal generadora renovable del pa\u00eds. Wayra Solar inyectar\u00e1 energ\u00eda renovable al sistema nacional en una misma \u00e1rea junto con los parques e\u00f3licos Wayra I y Wayra Extensi\u00f3n, sumando una capacidad total de 52 MW. La planta producir\u00e1 anualmente 256 GWh de energ\u00eda, lo que [&hellip;]<\/p>\n","protected":false},"author":6,"featured_media":2924,"comment_status":"closed","ping_status":"closed","sticky":false,"template":"","format":"standard","meta":{"footnotes":""},"categories":[14,12],"tags":[],"class_list":["post-2923","post","type-post","status-publish","format-standard","has-post-thumbnail","hentry","category-economia","category-tecnologia"],"featured_image_src":"https:\/\/www.cciperu.it\/wp-content\/uploads\/cabecera-blog-post-1024x449.png","blog_images":{"medium":"https:\/\/www.cciperu.it\/wp-content\/uploads\/cabecera-blog-post-300x132.png","large":"https:\/\/www.cciperu.it\/wp-content\/uploads\/cabecera-blog-post-1024x449.png"},"ams_acf":[],"yoast_head":"<!-- This site is optimized with the Yoast SEO plugin v27.3 - https:\/\/yoast.com\/product\/yoast-seo-wordpress\/ -->\n<title>ORYGEN INICIA LA CONSTRUCCI\u00d3N DE WAYRA SOLAR - Camara de comercio de Italia<\/title>\n<meta name=\"description\" content=\"Wayra Solar inyectar\u00e1 energ\u00eda renovable al sistema nacional en una misma \u00e1rea junto con los parques e\u00f3licos Wayra I y Wayra Extensi\u00f3n.\" \/>\n<meta name=\"robots\" content=\"index, follow, max-snippet:-1, max-image-preview:large, max-video-preview:-1\" \/>\n<link rel=\"canonical\" href=\"https:\/\/www.cciperu.it\/orygen-inicia-la-construccion-de-wayra-solar\/\" \/>\n<meta property=\"og:locale\" content=\"it_IT\" \/>\n<meta property=\"og:type\" content=\"article\" \/>\n<meta property=\"og:title\" content=\"ORYGEN INICIA LA CONSTRUCCI\u00d3N DE WAYRA SOLAR - Camara de comercio de Italia\" \/>\n<meta property=\"og:description\" content=\"Wayra Solar inyectar\u00e1 energ\u00eda renovable al sistema nacional en una misma \u00e1rea junto con los parques e\u00f3licos Wayra I y Wayra Extensi\u00f3n.\" \/>\n<meta property=\"og:url\" content=\"https:\/\/www.cciperu.it\/orygen-inicia-la-construccion-de-wayra-solar\/\" \/>\n<meta property=\"og:site_name\" content=\"Camara de comercio de Italia\" \/>\n<meta property=\"article:published_time\" content=\"2025-07-04T16:55:40+00:00\" \/>\n<meta property=\"article:modified_time\" content=\"2025-12-30T21:00:33+00:00\" \/>\n<meta property=\"og:image\" content=\"https:\/\/www.cciperu.it\/wp-content\/uploads\/cabecera-blog-post.png\" \/>\n\t<meta property=\"og:image:width\" content=\"1140\" \/>\n\t<meta property=\"og:image:height\" content=\"500\" \/>\n\t<meta property=\"og:image:type\" content=\"image\/png\" \/>\n<meta name=\"author\" content=\"Flavio Greiner\" \/>\n<meta name=\"twitter:card\" content=\"summary_large_image\" \/>\n<meta name=\"twitter:label1\" content=\"Scritto da\" \/>\n\t<meta name=\"twitter:data1\" content=\"Flavio Greiner\" \/>\n\t<meta name=\"twitter:label2\" content=\"Tempo di lettura stimato\" \/>\n\t<meta name=\"twitter:data2\" content=\"4 minuti\" \/>\n<script type=\"application\/ld+json\" class=\"yoast-schema-graph\">{\"@context\":\"https:\\\/\\\/schema.org\",\"@graph\":[{\"@type\":\"Article\",\"@id\":\"https:\\\/\\\/www.cciperu.it\\\/orygen-inicia-la-construccion-de-wayra-solar\\\/#article\",\"isPartOf\":{\"@id\":\"https:\\\/\\\/www.cciperu.it\\\/orygen-inicia-la-construccion-de-wayra-solar\\\/\"},\"author\":{\"name\":\"Flavio Greiner\",\"@id\":\"https:\\\/\\\/www.cciperu.it\\\/#\\\/schema\\\/person\\\/69862a273ca69bae1f6b5243089da725\"},\"headline\":\"ORYGEN INICIA LA CONSTRUCCI\u00d3N DE WAYRA SOLAR\",\"datePublished\":\"2025-07-04T16:55:40+00:00\",\"dateModified\":\"2025-12-30T21:00:33+00:00\",\"mainEntityOfPage\":{\"@id\":\"https:\\\/\\\/www.cciperu.it\\\/orygen-inicia-la-construccion-de-wayra-solar\\\/\"},\"wordCount\":862,\"image\":{\"@id\":\"https:\\\/\\\/www.cciperu.it\\\/orygen-inicia-la-construccion-de-wayra-solar\\\/#primaryimage\"},\"thumbnailUrl\":\"https:\\\/\\\/www.cciperu.it\\\/wp-content\\\/uploads\\\/cabecera-blog-post.png\",\"articleSection\":[\"Econom\u00eda\",\"Tecnologia\"],\"inLanguage\":\"it-IT\"},{\"@type\":\"WebPage\",\"@id\":\"https:\\\/\\\/www.cciperu.it\\\/orygen-inicia-la-construccion-de-wayra-solar\\\/\",\"url\":\"https:\\\/\\\/www.cciperu.it\\\/orygen-inicia-la-construccion-de-wayra-solar\\\/\",\"name\":\"ORYGEN INICIA LA CONSTRUCCI\u00d3N DE WAYRA SOLAR - Camara de comercio de Italia\",\"isPartOf\":{\"@id\":\"https:\\\/\\\/www.cciperu.it\\\/#website\"},\"primaryImageOfPage\":{\"@id\":\"https:\\\/\\\/www.cciperu.it\\\/orygen-inicia-la-construccion-de-wayra-solar\\\/#primaryimage\"},\"image\":{\"@id\":\"https:\\\/\\\/www.cciperu.it\\\/orygen-inicia-la-construccion-de-wayra-solar\\\/#primaryimage\"},\"thumbnailUrl\":\"https:\\\/\\\/www.cciperu.it\\\/wp-content\\\/uploads\\\/cabecera-blog-post.png\",\"datePublished\":\"2025-07-04T16:55:40+00:00\",\"dateModified\":\"2025-12-30T21:00:33+00:00\",\"author\":{\"@id\":\"https:\\\/\\\/www.cciperu.it\\\/#\\\/schema\\\/person\\\/69862a273ca69bae1f6b5243089da725\"},\"description\":\"Wayra Solar inyectar\u00e1 energ\u00eda renovable al sistema nacional en una misma \u00e1rea junto con los parques e\u00f3licos Wayra I y Wayra Extensi\u00f3n.\",\"breadcrumb\":{\"@id\":\"https:\\\/\\\/www.cciperu.it\\\/orygen-inicia-la-construccion-de-wayra-solar\\\/#breadcrumb\"},\"inLanguage\":\"it-IT\",\"potentialAction\":[{\"@type\":\"ReadAction\",\"target\":[\"https:\\\/\\\/www.cciperu.it\\\/orygen-inicia-la-construccion-de-wayra-solar\\\/\"]}]},{\"@type\":\"ImageObject\",\"inLanguage\":\"it-IT\",\"@id\":\"https:\\\/\\\/www.cciperu.it\\\/orygen-inicia-la-construccion-de-wayra-solar\\\/#primaryimage\",\"url\":\"https:\\\/\\\/www.cciperu.it\\\/wp-content\\\/uploads\\\/cabecera-blog-post.png\",\"contentUrl\":\"https:\\\/\\\/www.cciperu.it\\\/wp-content\\\/uploads\\\/cabecera-blog-post.png\",\"width\":1140,\"height\":500,\"caption\":\"WAYRA SOLAR\"},{\"@type\":\"BreadcrumbList\",\"@id\":\"https:\\\/\\\/www.cciperu.it\\\/orygen-inicia-la-construccion-de-wayra-solar\\\/#breadcrumb\",\"itemListElement\":[{\"@type\":\"ListItem\",\"position\":1,\"name\":\"Portada\",\"item\":\"https:\\\/\\\/www.cciperu.it\\\/\"},{\"@type\":\"ListItem\",\"position\":2,\"name\":\"ORYGEN INICIA LA CONSTRUCCI\u00d3N DE WAYRA SOLAR\"}]},{\"@type\":\"WebSite\",\"@id\":\"https:\\\/\\\/www.cciperu.it\\\/#website\",\"url\":\"https:\\\/\\\/www.cciperu.it\\\/\",\"name\":\"Camara de comercio de Italia\",\"description\":\"Otro sitio realizado con WordPress\",\"potentialAction\":[{\"@type\":\"SearchAction\",\"target\":{\"@type\":\"EntryPoint\",\"urlTemplate\":\"https:\\\/\\\/www.cciperu.it\\\/?s={search_term_string}\"},\"query-input\":{\"@type\":\"PropertyValueSpecification\",\"valueRequired\":true,\"valueName\":\"search_term_string\"}}],\"inLanguage\":\"it-IT\"},{\"@type\":\"Person\",\"@id\":\"https:\\\/\\\/www.cciperu.it\\\/#\\\/schema\\\/person\\\/69862a273ca69bae1f6b5243089da725\",\"name\":\"Flavio Greiner\",\"image\":{\"@type\":\"ImageObject\",\"inLanguage\":\"it-IT\",\"@id\":\"https:\\\/\\\/secure.gravatar.com\\\/avatar\\\/a6d92f80596a7de151340e4e6203ab4de9937b897f468ac8983132a84e3e3e8e?s=96&d=mm&r=g\",\"url\":\"https:\\\/\\\/secure.gravatar.com\\\/avatar\\\/a6d92f80596a7de151340e4e6203ab4de9937b897f468ac8983132a84e3e3e8e?s=96&d=mm&r=g\",\"contentUrl\":\"https:\\\/\\\/secure.gravatar.com\\\/avatar\\\/a6d92f80596a7de151340e4e6203ab4de9937b897f468ac8983132a84e3e3e8e?s=96&d=mm&r=g\",\"caption\":\"Flavio Greiner\"},\"url\":\"https:\\\/\\\/www.cciperu.it\\\/it\\\/author\\\/flavio_ccip\\\/\"}]}<\/script>\n<!-- \/ Yoast SEO plugin. -->","yoast_head_json":{"title":"ORYGEN INICIA LA CONSTRUCCI\u00d3N DE WAYRA SOLAR - Camara de comercio de Italia","description":"Wayra Solar inyectar\u00e1 energ\u00eda renovable al sistema nacional en una misma \u00e1rea junto con los parques e\u00f3licos Wayra I y Wayra Extensi\u00f3n.","robots":{"index":"index","follow":"follow","max-snippet":"max-snippet:-1","max-image-preview":"max-image-preview:large","max-video-preview":"max-video-preview:-1"},"canonical":"https:\/\/www.cciperu.it\/orygen-inicia-la-construccion-de-wayra-solar\/","og_locale":"it_IT","og_type":"article","og_title":"ORYGEN INICIA LA CONSTRUCCI\u00d3N DE WAYRA SOLAR - Camara de comercio de Italia","og_description":"Wayra Solar inyectar\u00e1 energ\u00eda renovable al sistema nacional en una misma \u00e1rea junto con los parques e\u00f3licos Wayra I y Wayra Extensi\u00f3n.","og_url":"https:\/\/www.cciperu.it\/orygen-inicia-la-construccion-de-wayra-solar\/","og_site_name":"Camara de comercio de Italia","article_published_time":"2025-07-04T16:55:40+00:00","article_modified_time":"2025-12-30T21:00:33+00:00","og_image":[{"width":1140,"height":500,"url":"https:\/\/www.cciperu.it\/wp-content\/uploads\/cabecera-blog-post.png","type":"image\/png"}],"author":"Flavio Greiner","twitter_card":"summary_large_image","twitter_misc":{"Scritto da":"Flavio Greiner","Tempo di lettura stimato":"4 minuti"},"schema":{"@context":"https:\/\/schema.org","@graph":[{"@type":"Article","@id":"https:\/\/www.cciperu.it\/orygen-inicia-la-construccion-de-wayra-solar\/#article","isPartOf":{"@id":"https:\/\/www.cciperu.it\/orygen-inicia-la-construccion-de-wayra-solar\/"},"author":{"name":"Flavio Greiner","@id":"https:\/\/www.cciperu.it\/#\/schema\/person\/69862a273ca69bae1f6b5243089da725"},"headline":"ORYGEN INICIA LA CONSTRUCCI\u00d3N DE WAYRA SOLAR","datePublished":"2025-07-04T16:55:40+00:00","dateModified":"2025-12-30T21:00:33+00:00","mainEntityOfPage":{"@id":"https:\/\/www.cciperu.it\/orygen-inicia-la-construccion-de-wayra-solar\/"},"wordCount":862,"image":{"@id":"https:\/\/www.cciperu.it\/orygen-inicia-la-construccion-de-wayra-solar\/#primaryimage"},"thumbnailUrl":"https:\/\/www.cciperu.it\/wp-content\/uploads\/cabecera-blog-post.png","articleSection":["Econom\u00eda","Tecnologia"],"inLanguage":"it-IT"},{"@type":"WebPage","@id":"https:\/\/www.cciperu.it\/orygen-inicia-la-construccion-de-wayra-solar\/","url":"https:\/\/www.cciperu.it\/orygen-inicia-la-construccion-de-wayra-solar\/","name":"ORYGEN INICIA LA CONSTRUCCI\u00d3N DE WAYRA SOLAR - Camara de comercio de Italia","isPartOf":{"@id":"https:\/\/www.cciperu.it\/#website"},"primaryImageOfPage":{"@id":"https:\/\/www.cciperu.it\/orygen-inicia-la-construccion-de-wayra-solar\/#primaryimage"},"image":{"@id":"https:\/\/www.cciperu.it\/orygen-inicia-la-construccion-de-wayra-solar\/#primaryimage"},"thumbnailUrl":"https:\/\/www.cciperu.it\/wp-content\/uploads\/cabecera-blog-post.png","datePublished":"2025-07-04T16:55:40+00:00","dateModified":"2025-12-30T21:00:33+00:00","author":{"@id":"https:\/\/www.cciperu.it\/#\/schema\/person\/69862a273ca69bae1f6b5243089da725"},"description":"Wayra Solar inyectar\u00e1 energ\u00eda renovable al sistema nacional en una misma \u00e1rea junto con los parques e\u00f3licos Wayra I y Wayra Extensi\u00f3n.","breadcrumb":{"@id":"https:\/\/www.cciperu.it\/orygen-inicia-la-construccion-de-wayra-solar\/#breadcrumb"},"inLanguage":"it-IT","potentialAction":[{"@type":"ReadAction","target":["https:\/\/www.cciperu.it\/orygen-inicia-la-construccion-de-wayra-solar\/"]}]},{"@type":"ImageObject","inLanguage":"it-IT","@id":"https:\/\/www.cciperu.it\/orygen-inicia-la-construccion-de-wayra-solar\/#primaryimage","url":"https:\/\/www.cciperu.it\/wp-content\/uploads\/cabecera-blog-post.png","contentUrl":"https:\/\/www.cciperu.it\/wp-content\/uploads\/cabecera-blog-post.png","width":1140,"height":500,"caption":"WAYRA SOLAR"},{"@type":"BreadcrumbList","@id":"https:\/\/www.cciperu.it\/orygen-inicia-la-construccion-de-wayra-solar\/#breadcrumb","itemListElement":[{"@type":"ListItem","position":1,"name":"Portada","item":"https:\/\/www.cciperu.it\/"},{"@type":"ListItem","position":2,"name":"ORYGEN INICIA LA CONSTRUCCI\u00d3N DE WAYRA SOLAR"}]},{"@type":"WebSite","@id":"https:\/\/www.cciperu.it\/#website","url":"https:\/\/www.cciperu.it\/","name":"Camara de comercio de Italia","description":"Otro sitio realizado con WordPress","potentialAction":[{"@type":"SearchAction","target":{"@type":"EntryPoint","urlTemplate":"https:\/\/www.cciperu.it\/?s={search_term_string}"},"query-input":{"@type":"PropertyValueSpecification","valueRequired":true,"valueName":"search_term_string"}}],"inLanguage":"it-IT"},{"@type":"Person","@id":"https:\/\/www.cciperu.it\/#\/schema\/person\/69862a273ca69bae1f6b5243089da725","name":"Flavio Greiner","image":{"@type":"ImageObject","inLanguage":"it-IT","@id":"https:\/\/secure.gravatar.com\/avatar\/a6d92f80596a7de151340e4e6203ab4de9937b897f468ac8983132a84e3e3e8e?s=96&d=mm&r=g","url":"https:\/\/secure.gravatar.com\/avatar\/a6d92f80596a7de151340e4e6203ab4de9937b897f468ac8983132a84e3e3e8e?s=96&d=mm&r=g","contentUrl":"https:\/\/secure.gravatar.com\/avatar\/a6d92f80596a7de151340e4e6203ab4de9937b897f468ac8983132a84e3e3e8e?s=96&d=mm&r=g","caption":"Flavio Greiner"},"url":"https:\/\/www.cciperu.it\/it\/author\/flavio_ccip\/"}]}},"_links":{"self":[{"href":"https:\/\/www.cciperu.it\/it\/wp-json\/wp\/v2\/posts\/2923","targetHints":{"allow":["GET"]}}],"collection":[{"href":"https:\/\/www.cciperu.it\/it\/wp-json\/wp\/v2\/posts"}],"about":[{"href":"https:\/\/www.cciperu.it\/it\/wp-json\/wp\/v2\/types\/post"}],"author":[{"embeddable":true,"href":"https:\/\/www.cciperu.it\/it\/wp-json\/wp\/v2\/users\/6"}],"replies":[{"embeddable":true,"href":"https:\/\/www.cciperu.it\/it\/wp-json\/wp\/v2\/comments?post=2923"}],"version-history":[{"count":4,"href":"https:\/\/www.cciperu.it\/it\/wp-json\/wp\/v2\/posts\/2923\/revisions"}],"predecessor-version":[{"id":2928,"href":"https:\/\/www.cciperu.it\/it\/wp-json\/wp\/v2\/posts\/2923\/revisions\/2928"}],"wp:featuredmedia":[{"embeddable":true,"href":"https:\/\/www.cciperu.it\/it\/wp-json\/wp\/v2\/media\/2924"}],"wp:attachment":[{"href":"https:\/\/www.cciperu.it\/it\/wp-json\/wp\/v2\/media?parent=2923"}],"wp:term":[{"taxonomy":"category","embeddable":true,"href":"https:\/\/www.cciperu.it\/it\/wp-json\/wp\/v2\/categories?post=2923"},{"taxonomy":"post_tag","embeddable":true,"href":"https:\/\/www.cciperu.it\/it\/wp-json\/wp\/v2\/tags?post=2923"}],"curies":[{"name":"wp","href":"https:\/\/api.w.org\/{rel}","templated":true}]}}